{"id":14628,"date":"2025-06-10T15:59:32","date_gmt":"2025-06-10T15:59:32","guid":{"rendered":"https:\/\/studioclement.be\/?p=14628"},"modified":"2026-04-16T12:55:43","modified_gmt":"2026-04-16T12:55:43","slug":"inrichting-oogartsenpraktijk-zedelgem","status":"publish","type":"post","link":"https:\/\/studioclement.be\/nl\/praktijk-inrichting\/inrichting-oogartsenpraktijk-zedelgem\/","title":{"rendered":"Zedelgem"},"content":{"rendered":"\n<figure class=\"wp-block-image size-full\"><img decoding=\"async\" width=\"2560\" height=\"1707\" src=\"https:\/\/studioclement.be\/app\/uploads\/2025\/06\/AF-Fotografie-AFF_1984-scaled.jpg\" alt=\"\" class=\"wp-image-14613\" srcset=\"https:\/\/studioclement.be\/app\/uploads\/2025\/06\/AF-Fotografie-AFF_1984-scaled.jpg 2560w, https:\/\/studioclement.be\/app\/uploads\/2025\/06\/AF-Fotografie-AFF_1984-300x200.jpg 300w, https:\/\/studioclement.be\/app\/uploads\/2025\/06\/AF-Fotografie-AFF_1984-1024x683.jpg 1024w, https:\/\/studioclement.be\/app\/uploads\/2025\/06\/AF-Fotografie-AFF_1984-768x512.jpg 768w, https:\/\/studioclement.be\/app\/uploads\/2025\/06\/AF-Fotografie-AFF_1984-1536x1024.jpg 1536w, https:\/\/studioclement.be\/app\/uploads\/2025\/06\/AF-Fotografie-AFF_1984-2048x1365.jpg 2048w, https:\/\/studioclement.be\/app\/uploads\/2025\/06\/AF-Fotografie-AFF_1984-90x60.jpg 90w, https:\/\/studioclement.be\/app\/uploads\/2025\/06\/AF-Fotografie-AFF_1984-105x70.jpg 105w, https:\/\/studioclement.be\/app\/uploads\/2025\/06\/AF-Fotografie-AFF_1984-450x300.jpg 450w, https:\/\/studioclement.be\/app\/uploads\/2025\/06\/AF-Fotografie-AFF_1984-1300x867.jpg 1300w, https:\/\/studioclement.be\/app\/uploads\/2025\/06\/AF-Fotografie-AFF_1984-600x400.jpg 600w\" sizes=\"(max-width: 576px) 100vw, (max-width: 768px) 50vw, (max-width: 992px) 35vw, (max-width: 1200px) 35vw, (max-width: 1400px) 30vw, 500px\" \/><\/figure>\n\n\n\n<div style=\"height:50px\" aria-hidden=\"true\" class=\"wp-block-spacer\"><\/div>\n\n\n\n<p>Voor oogarts Sophie Callewaert in Zedelgem realiseerde Studio Clement een praktijkinrichting waarbij <strong>rust, functionaliteit en esthetiek<\/strong> perfect in balans zijn. Door haar drukke agenda en de verhuis naar een nieuw pand zocht ze een totaalpartner die alles van A tot Z kon opnemen. Dankzij onze ge\u00efntegreerde aanpak kon ze rekenen op volledige ontzorging, van ontwerp tot uitvoering.<\/p>\n\n\n\n<p>Het resultaat is een strak, hedendaags interieur dat <strong>wit<\/strong> combineert met <strong>natuurhout<\/strong>. Fijne <strong>verticale latjes<\/strong> versterken het ruimtegevoel en geven de praktijk een verfijnde, tijdloze uitstraling. Als subtiele eyecatcher kozen we voor een <strong>helderblauwe accentmuur<\/strong>, die niet alleen een speels contrast cre\u00ebert, maar ook een heel persoonlijke toets kreeg met een foto van de iris van Sophies moeder.<\/p>\n\n\n\n<p>Ook de <strong>onderzoeksruimte<\/strong> werd volledig op maat uitgewerkt. Het maatmeubilair vormt \u00e9\u00e9n harmonieus geheel waarin de toestellen mooi ge\u00efntegreerd zitten, zodat de ruimte overzichtelijk en professioneel blijft. In de materiaalkeuze werd bovendien rekening gehouden met de dagelijkse praktijk: omdat er gewerkt wordt met <strong>fluoresce\u00efne<\/strong> (een diagnostische kleurstof die snel vlekken kan maken), selecteerden we samen materialen die deze stof niet opnemen.<\/p>\n\n\n\n<p>Zo ontstond een oogartsenpraktijk die vertrouwen uitstraalt, praktisch werkt voor de zorgverlener \u00e9n tegelijk een warme, verzorgde ervaring biedt voor de pati\u00ebnt.<\/p>\n\n\n\n<div class=\"wp-block-buttons is-layout-flex wp-block-buttons-is-layout-flex\">\n<div class=\"wp-block-button\"><a class=\"wp-block-button__link wp-element-button\" href=\"https:\/\/studioclement.be\/nl\/nieuws\/case\/een-oogartsenpraktijk-met-subtiele-eye-catchers\/\">Ontdek meer over deze case<\/a><\/div>\n<\/div>\n\n\n\n<div style=\"height:50px\" aria-hidden=\"true\" class=\"wp-block-spacer\"><\/div>\n\n\n\n<div class=\"figure-img\"><\/div>\n","protected":false},"excerpt":{"rendered":"<p>Voor oogarts Sophie Callewaert in Zedelgem realiseerde Studio Clement een praktijkinrichting waarbij rust, functionaliteit en esthetiek perfect in balans zijn. &hellip; <a href=\"https:\/\/studioclement.be\/nl\/praktijk-inrichting\/inrichting-oogartsenpraktijk-zedelgem\/\">Continued<\/a><\/p>\n","protected":false},"author":2268,"featured_media":14613,"comment_status":"closed","ping_status":"closed","sticky":false,"template":"","format":"standard","meta":{"_acf_changed":false,"footnotes":""},"categories":[1],"tags":[416],"class_list":["post-14628","post","type-post","status-publish","format-standard","has-post-thumbnail","hentry","category-praktijk-inrichting","tag-medischepraktijk"],"acf":[],"yoast_head":"<!-- This site is optimized with the Yoast SEO Premium plugin v26.1 (Yoast SEO v26.1.1) - https:\/\/yoast.com\/wordpress\/plugins\/seo\/ -->\n<title>Oogartsenpraktijk Zedelgem - Studio Clement<\/title>\n<meta name=\"robots\" content=\"index, follow, max-snippet:-1, max-image-preview:large, max-video-preview:-1\" \/>\n<link rel=\"canonical\" href=\"https:\/\/studioclement.be\/nl\/praktijk-inrichting\/inrichting-oogartsenpraktijk-zedelgem\/\" \/>\n<meta property=\"og:locale\" content=\"nl_NL\" \/>\n<meta property=\"og:type\" content=\"article\" \/>\n<meta property=\"og:title\" content=\"Zedelgem\" \/>\n<meta property=\"og:description\" content=\"Voor oogarts Sophie Callewaert in Zedelgem realiseerde Studio Clement een praktijkinrichting waarbij rust, functionaliteit en esthetiek perfect in balans\" \/>\n<meta property=\"og:url\" content=\"https:\/\/studioclement.be\/nl\/praktijk-inrichting\/inrichting-oogartsenpraktijk-zedelgem\/\" \/>\n<meta property=\"og:site_name\" content=\"Studio Clement\" \/>\n<meta property=\"article:published_time\" content=\"2025-06-10T15:59:32+00:00\" \/>\n<meta property=\"article:modified_time\" content=\"2026-04-16T12:55:43+00:00\" \/>\n<meta property=\"og:image\" content=\"https:\/\/studioclement.be\/app\/uploads\/2025\/06\/AF-Fotografie-AFF_1984-scaled.jpg\" \/>\n\t<meta property=\"og:image:width\" content=\"2560\" \/>\n\t<meta property=\"og:image:height\" content=\"1707\" \/>\n\t<meta property=\"og:image:type\" content=\"image\/jpeg\" \/>\n<meta name=\"author\" content=\"Perfect Story\" \/>\n<meta name=\"twitter:card\" content=\"summary_large_image\" \/>\n<meta name=\"twitter:label1\" content=\"Written by\" \/>\n\t<meta name=\"twitter:data1\" content=\"Perfect Story\" \/>\n\t<meta name=\"twitter:label2\" content=\"Est. reading time\" \/>\n\t<meta name=\"twitter:data2\" content=\"4 minutes\" \/>\n<script type=\"application\/ld+json\" class=\"yoast-schema-graph\">{\"@context\":\"https:\/\/schema.org\",\"@graph\":[{\"@type\":\"Article\",\"@id\":\"https:\/\/studioclement.be\/nl\/praktijk-inrichting\/inrichting-oogartsenpraktijk-zedelgem\/#article\",\"isPartOf\":{\"@id\":\"https:\/\/studioclement.be\/nl\/praktijk-inrichting\/inrichting-oogartsenpraktijk-zedelgem\/\"},\"author\":{\"name\":\"Perfect Story\",\"@id\":\"https:\/\/studioclement.be\/nl\/#\/schema\/person\/119cc75445cc8195019bcd5417c9b576\"},\"headline\":\"Zedelgem\",\"datePublished\":\"2025-06-10T15:59:32+00:00\",\"dateModified\":\"2026-04-16T12:55:43+00:00\",\"mainEntityOfPage\":{\"@id\":\"https:\/\/studioclement.be\/nl\/praktijk-inrichting\/inrichting-oogartsenpraktijk-zedelgem\/\"},\"wordCount\":209,\"publisher\":{\"@id\":\"https:\/\/studioclement.be\/nl\/#organization\"},\"image\":{\"@id\":\"https:\/\/studioclement.be\/nl\/praktijk-inrichting\/inrichting-oogartsenpraktijk-zedelgem\/#primaryimage\"},\"thumbnailUrl\":\"https:\/\/studioclement.be\/app\/uploads\/2025\/06\/AF-Fotografie-AFF_1984-scaled.jpg\",\"keywords\":[\"medischepraktijk\"],\"articleSection\":[\"Praktijkinrichting\"],\"inLanguage\":\"nl\"},{\"@type\":\"WebPage\",\"@id\":\"https:\/\/studioclement.be\/nl\/praktijk-inrichting\/inrichting-oogartsenpraktijk-zedelgem\/\",\"url\":\"https:\/\/studioclement.be\/nl\/praktijk-inrichting\/inrichting-oogartsenpraktijk-zedelgem\/\",\"name\":\"Oogartsenpraktijk Zedelgem - Studio Clement\",\"isPartOf\":{\"@id\":\"https:\/\/studioclement.be\/nl\/#website\"},\"primaryImageOfPage\":{\"@id\":\"https:\/\/studioclement.be\/nl\/praktijk-inrichting\/inrichting-oogartsenpraktijk-zedelgem\/#primaryimage\"},\"image\":{\"@id\":\"https:\/\/studioclement.be\/nl\/praktijk-inrichting\/inrichting-oogartsenpraktijk-zedelgem\/#primaryimage\"},\"thumbnailUrl\":\"https:\/\/studioclement.be\/app\/uploads\/2025\/06\/AF-Fotografie-AFF_1984-scaled.jpg\",\"datePublished\":\"2025-06-10T15:59:32+00:00\",\"dateModified\":\"2026-04-16T12:55:43+00:00\",\"breadcrumb\":{\"@id\":\"https:\/\/studioclement.be\/nl\/praktijk-inrichting\/inrichting-oogartsenpraktijk-zedelgem\/#breadcrumb\"},\"inLanguage\":\"nl\",\"potentialAction\":[{\"@type\":\"ReadAction\",\"target\":[\"https:\/\/studioclement.be\/nl\/praktijk-inrichting\/inrichting-oogartsenpraktijk-zedelgem\/\"]}]},{\"@type\":\"ImageObject\",\"inLanguage\":\"nl\",\"@id\":\"https:\/\/studioclement.be\/nl\/praktijk-inrichting\/inrichting-oogartsenpraktijk-zedelgem\/#primaryimage\",\"url\":\"https:\/\/studioclement.be\/app\/uploads\/2025\/06\/AF-Fotografie-AFF_1984-scaled.jpg\",\"contentUrl\":\"https:\/\/studioclement.be\/app\/uploads\/2025\/06\/AF-Fotografie-AFF_1984-scaled.jpg\",\"width\":2560,\"height\":1707},{\"@type\":\"BreadcrumbList\",\"@id\":\"https:\/\/studioclement.be\/nl\/praktijk-inrichting\/inrichting-oogartsenpraktijk-zedelgem\/#breadcrumb\",\"itemListElement\":[{\"@type\":\"ListItem\",\"position\":1,\"name\":\"Home\",\"item\":\"https:\/\/studioclement.be\/nl\/\"},{\"@type\":\"ListItem\",\"position\":2,\"name\":\"Praktijkinrichting\",\"item\":\"https:\/\/studioclement.be\/nl\/praktijk-inrichting\/\"},{\"@type\":\"ListItem\",\"position\":3,\"name\":\"Zedelgem\"}]},{\"@type\":\"WebSite\",\"@id\":\"https:\/\/studioclement.be\/nl\/#website\",\"url\":\"https:\/\/studioclement.be\/nl\/\",\"name\":\"Studio Clement\",\"description\":\"Innoverende interieurconcepten\",\"publisher\":{\"@id\":\"https:\/\/studioclement.be\/nl\/#organization\"},\"potentialAction\":[{\"@type\":\"SearchAction\",\"target\":{\"@type\":\"EntryPoint\",\"urlTemplate\":\"https:\/\/studioclement.be\/nl\/?s={search_term_string}\"},\"query-input\":{\"@type\":\"PropertyValueSpecification\",\"valueRequired\":true,\"valueName\":\"search_term_string\"}}],\"inLanguage\":\"nl\"},{\"@type\":[\"Organization\",\"LocalBusiness\",\"HomeAndConstructionBusiness\"],\"@id\":\"https:\/\/studioclement.be\/nl\/#organization\",\"name\":\"Studio Clement\",\"url\":\"https:\/\/studioclement.be\/nl\/\",\"logo\":{\"@type\":\"ImageObject\",\"inLanguage\":\"nl\",\"@id\":\"https:\/\/studioclement.be\/nl\/#\/schema\/logo\/image\/\",\"url\":\"https:\/\/studioclement.be\/app\/uploads\/2024\/07\/StudioClement_Logo_ZW.jpg\",\"contentUrl\":\"https:\/\/studioclement.be\/app\/uploads\/2024\/07\/StudioClement_Logo_ZW.jpg\",\"width\":8585,\"height\":4167,\"caption\":\"Studio Clement\"},\"image\":{\"@id\":\"https:\/\/studioclement.be\/nl\/#\/schema\/logo\/image\/\"},\"description\":\"Belgisch interieurdesign en vakmanschap. Innoverende, duurzame interieurconcepten voor apotheek, praktijk, kantoor en winkel \u2013 3 generaties ervaring.\",\"vatID\":\"BE0458634212\",\"taxID\":\"BE 0458.634.212\",\"telephone\":\"+32 51 31 20 00\",\"email\":\"info@studioclement.be\",\"address\":{\"@type\":\"PostalAddress\",\"streetAddress\":\"Lodewijk de Raetlaan 16\",\"postalCode\":\"8870\",\"addressLocality\":\"Izegem\",\"addressCountry\":\"BE\"},\"geo\":{\"@type\":\"GeoCoordinates\",\"latitude\":50.9228,\"longitude\":3.2086},\"areaServed\":[{\"@type\":\"Country\",\"name\":\"Belgium\"},{\"@type\":\"Country\",\"name\":\"Netherlands\"},{\"@type\":\"Country\",\"name\":\"France\"},{\"@type\":\"Country\",\"name\":\"Luxembourg\"}],\"sameAs\":[\"https:\/\/www.facebook.com\/Studio-Clement-462383180848657\/\",\"https:\/\/www.instagram.com\/studioclement.be\/\",\"https:\/\/www.pinterest.com\/studioclement_8870\",\"https:\/\/www.linkedin.com\/company\/studioclement8870\",\"https:\/\/www.youtube.com\/channel\/UC-FPX93_rnxug2ACOr9H5Aw\"],\"hasOfferCatalog\":{\"@type\":\"OfferCatalog\",\"name\":\"Interieurinrichting\",\"itemListElement\":[{\"@type\":\"Offer\",\"itemOffered\":{\"@type\":\"Service\",\"name\":\"Apotheekinrichting\",\"url\":\"https:\/\/studioclement.be\/nl\/interieurinrichting\/apotheek-inrichting\/\"}},{\"@type\":\"Offer\",\"itemOffered\":{\"@type\":\"Service\",\"name\":\"Kantoorinrichting\",\"url\":\"https:\/\/studioclement.be\/nl\/interieurinrichting\/kantoor-inrichting\/\"}},{\"@type\":\"Offer\",\"itemOffered\":{\"@type\":\"Service\",\"name\":\"Praktijkinrichting\",\"url\":\"https:\/\/studioclement.be\/nl\/interieurinrichting\/praktijk-inrichting\/\"}},{\"@type\":\"Offer\",\"itemOffered\":{\"@type\":\"Service\",\"name\":\"Winkelinrichting\",\"url\":\"https:\/\/studioclement.be\/nl\/interieurinrichting\/winkel-inrichting\/\"}}]},\"knowsAbout\":[\"Apotheekinrichting\",\"Winkelinrichting\",\"Praktijkinrichting\",\"Kantoorinrichting\",\"Maatmeubilair\",\"Interieurontwerp\",\"Retail design\"]},{\"@type\":\"Person\",\"@id\":\"https:\/\/studioclement.be\/nl\/#\/schema\/person\/119cc75445cc8195019bcd5417c9b576\",\"name\":\"Perfect Story\",\"image\":{\"@type\":\"ImageObject\",\"inLanguage\":\"nl\",\"@id\":\"https:\/\/studioclement.be\/nl\/#\/schema\/person\/image\/\",\"url\":\"https:\/\/secure.gravatar.com\/avatar\/34f9a592bf333f297f650e0e21e88a76258ba0b02fa0544a77ceb8756dd2c13c?s=96&d=mm&r=g\",\"contentUrl\":\"https:\/\/secure.gravatar.com\/avatar\/34f9a592bf333f297f650e0e21e88a76258ba0b02fa0544a77ceb8756dd2c13c?s=96&d=mm&r=g\",\"caption\":\"Perfect Story\"},\"url\":\"https:\/\/studioclement.be\/nl\/author\/perfect-story\/\"},{\"@type\":[\"LocalBusiness\",\"InteriorDesignBusiness\",\"HomeAndConstructionBusiness\"],\"@id\":\"https:\/\/studioclement.be\/nl\/#localbusiness\",\"name\":\"Studio Clement\",\"url\":\"https:\/\/studioclement.be\/nl\/\",\"telephone\":\"+32 51 31 20 00\",\"email\":\"info@studioclement.be\",\"address\":{\"@type\":\"PostalAddress\",\"streetAddress\":\"Lodewijk de Raetlaan 16\",\"postalCode\":\"8870\",\"addressLocality\":\"Izegem\",\"addressCountry\":\"BE\"},\"geo\":{\"@type\":\"GeoCoordinates\",\"latitude\":50.9228,\"longitude\":3.2086},\"areaServed\":[{\"@type\":\"Country\",\"name\":\"Belgium\"},{\"@type\":\"Country\",\"name\":\"Netherlands\"},{\"@type\":\"Country\",\"name\":\"France\"},{\"@type\":\"Country\",\"name\":\"Luxembourg\"}],\"vatID\":\"BE0458634212\",\"taxID\":\"BE 0458.634.212\",\"sameAs\":[\"https:\/\/www.facebook.com\/Studio-Clement-462383180848657\/\",\"https:\/\/www.instagram.com\/studioclement.be\/\",\"https:\/\/www.pinterest.com\/studioclement_8870\",\"https:\/\/www.linkedin.com\/company\/studioclement8870\",\"https:\/\/www.youtube.com\/channel\/UC-FPX93_rnxug2ACOr9H5Aw\"],\"parentOrganization\":{\"@id\":\"https:\/\/studioclement.be\/nl\/#organization\"}}]}<\/script>\n<!-- \/ Yoast SEO Premium plugin. -->","yoast_head_json":{"title":"Oogartsenpraktijk Zedelgem - Studio Clement","robots":{"index":"index","follow":"follow","max-snippet":"max-snippet:-1","max-image-preview":"max-image-preview:large","max-video-preview":"max-video-preview:-1"},"canonical":"https:\/\/studioclement.be\/nl\/praktijk-inrichting\/inrichting-oogartsenpraktijk-zedelgem\/","og_locale":"nl_NL","og_type":"article","og_title":"Zedelgem","og_description":"Voor oogarts Sophie Callewaert in Zedelgem realiseerde Studio Clement een praktijkinrichting waarbij rust, functionaliteit en esthetiek perfect in balans","og_url":"https:\/\/studioclement.be\/nl\/praktijk-inrichting\/inrichting-oogartsenpraktijk-zedelgem\/","og_site_name":"Studio Clement","article_published_time":"2025-06-10T15:59:32+00:00","article_modified_time":"2026-04-16T12:55:43+00:00","og_image":[{"width":2560,"height":1707,"url":"https:\/\/studioclement.be\/app\/uploads\/2025\/06\/AF-Fotografie-AFF_1984-scaled.jpg","type":"image\/jpeg"}],"author":"Perfect Story","twitter_card":"summary_large_image","twitter_misc":{"Written by":"Perfect Story","Est. reading time":"4 minutes"},"schema":{"@context":"https:\/\/schema.org","@graph":[{"@type":"Article","@id":"https:\/\/studioclement.be\/nl\/praktijk-inrichting\/inrichting-oogartsenpraktijk-zedelgem\/#article","isPartOf":{"@id":"https:\/\/studioclement.be\/nl\/praktijk-inrichting\/inrichting-oogartsenpraktijk-zedelgem\/"},"author":{"name":"Perfect Story","@id":"https:\/\/studioclement.be\/nl\/#\/schema\/person\/119cc75445cc8195019bcd5417c9b576"},"headline":"Zedelgem","datePublished":"2025-06-10T15:59:32+00:00","dateModified":"2026-04-16T12:55:43+00:00","mainEntityOfPage":{"@id":"https:\/\/studioclement.be\/nl\/praktijk-inrichting\/inrichting-oogartsenpraktijk-zedelgem\/"},"wordCount":209,"publisher":{"@id":"https:\/\/studioclement.be\/nl\/#organization"},"image":{"@id":"https:\/\/studioclement.be\/nl\/praktijk-inrichting\/inrichting-oogartsenpraktijk-zedelgem\/#primaryimage"},"thumbnailUrl":"https:\/\/studioclement.be\/app\/uploads\/2025\/06\/AF-Fotografie-AFF_1984-scaled.jpg","keywords":["medischepraktijk"],"articleSection":["Praktijkinrichting"],"inLanguage":"nl"},{"@type":"WebPage","@id":"https:\/\/studioclement.be\/nl\/praktijk-inrichting\/inrichting-oogartsenpraktijk-zedelgem\/","url":"https:\/\/studioclement.be\/nl\/praktijk-inrichting\/inrichting-oogartsenpraktijk-zedelgem\/","name":"Oogartsenpraktijk Zedelgem - Studio Clement","isPartOf":{"@id":"https:\/\/studioclement.be\/nl\/#website"},"primaryImageOfPage":{"@id":"https:\/\/studioclement.be\/nl\/praktijk-inrichting\/inrichting-oogartsenpraktijk-zedelgem\/#primaryimage"},"image":{"@id":"https:\/\/studioclement.be\/nl\/praktijk-inrichting\/inrichting-oogartsenpraktijk-zedelgem\/#primaryimage"},"thumbnailUrl":"https:\/\/studioclement.be\/app\/uploads\/2025\/06\/AF-Fotografie-AFF_1984-scaled.jpg","datePublished":"2025-06-10T15:59:32+00:00","dateModified":"2026-04-16T12:55:43+00:00","breadcrumb":{"@id":"https:\/\/studioclement.be\/nl\/praktijk-inrichting\/inrichting-oogartsenpraktijk-zedelgem\/#breadcrumb"},"inLanguage":"nl","potentialAction":[{"@type":"ReadAction","target":["https:\/\/studioclement.be\/nl\/praktijk-inrichting\/inrichting-oogartsenpraktijk-zedelgem\/"]}]},{"@type":"ImageObject","inLanguage":"nl","@id":"https:\/\/studioclement.be\/nl\/praktijk-inrichting\/inrichting-oogartsenpraktijk-zedelgem\/#primaryimage","url":"https:\/\/studioclement.be\/app\/uploads\/2025\/06\/AF-Fotografie-AFF_1984-scaled.jpg","contentUrl":"https:\/\/studioclement.be\/app\/uploads\/2025\/06\/AF-Fotografie-AFF_1984-scaled.jpg","width":2560,"height":1707},{"@type":"BreadcrumbList","@id":"https:\/\/studioclement.be\/nl\/praktijk-inrichting\/inrichting-oogartsenpraktijk-zedelgem\/#breadcrumb","itemListElement":[{"@type":"ListItem","position":1,"name":"Home","item":"https:\/\/studioclement.be\/nl\/"},{"@type":"ListItem","position":2,"name":"Praktijkinrichting","item":"https:\/\/studioclement.be\/nl\/praktijk-inrichting\/"},{"@type":"ListItem","position":3,"name":"Zedelgem"}]},{"@type":"WebSite","@id":"https:\/\/studioclement.be\/nl\/#website","url":"https:\/\/studioclement.be\/nl\/","name":"Studio Clement","description":"Innoverende interieurconcepten","publisher":{"@id":"https:\/\/studioclement.be\/nl\/#organization"},"potentialAction":[{"@type":"SearchAction","target":{"@type":"EntryPoint","urlTemplate":"https:\/\/studioclement.be\/nl\/?s={search_term_string}"},"query-input":{"@type":"PropertyValueSpecification","valueRequired":true,"valueName":"search_term_string"}}],"inLanguage":"nl"},{"@type":["Organization","LocalBusiness","HomeAndConstructionBusiness"],"@id":"https:\/\/studioclement.be\/nl\/#organization","name":"Studio Clement","url":"https:\/\/studioclement.be\/nl\/","logo":{"@type":"ImageObject","inLanguage":"nl","@id":"https:\/\/studioclement.be\/nl\/#\/schema\/logo\/image\/","url":"https:\/\/studioclement.be\/app\/uploads\/2024\/07\/StudioClement_Logo_ZW.jpg","contentUrl":"https:\/\/studioclement.be\/app\/uploads\/2024\/07\/StudioClement_Logo_ZW.jpg","width":8585,"height":4167,"caption":"Studio Clement"},"image":{"@id":"https:\/\/studioclement.be\/nl\/#\/schema\/logo\/image\/"},"description":"Belgisch interieurdesign en vakmanschap. Innoverende, duurzame interieurconcepten voor apotheek, praktijk, kantoor en winkel \u2013 3 generaties ervaring.","vatID":"BE0458634212","taxID":"BE 0458.634.212","telephone":"+32 51 31 20 00","email":"info@studioclement.be","address":{"@type":"PostalAddress","streetAddress":"Lodewijk de Raetlaan 16","postalCode":"8870","addressLocality":"Izegem","addressCountry":"BE"},"geo":{"@type":"GeoCoordinates","latitude":50.9228,"longitude":3.2086},"areaServed":[{"@type":"Country","name":"Belgium"},{"@type":"Country","name":"Netherlands"},{"@type":"Country","name":"France"},{"@type":"Country","name":"Luxembourg"}],"sameAs":["https:\/\/www.facebook.com\/Studio-Clement-462383180848657\/","https:\/\/www.instagram.com\/studioclement.be\/","https:\/\/www.pinterest.com\/studioclement_8870","https:\/\/www.linkedin.com\/company\/studioclement8870","https:\/\/www.youtube.com\/channel\/UC-FPX93_rnxug2ACOr9H5Aw"],"hasOfferCatalog":{"@type":"OfferCatalog","name":"Interieurinrichting","itemListElement":[{"@type":"Offer","itemOffered":{"@type":"Service","name":"Apotheekinrichting","url":"https:\/\/studioclement.be\/nl\/interieurinrichting\/apotheek-inrichting\/"}},{"@type":"Offer","itemOffered":{"@type":"Service","name":"Kantoorinrichting","url":"https:\/\/studioclement.be\/nl\/interieurinrichting\/kantoor-inrichting\/"}},{"@type":"Offer","itemOffered":{"@type":"Service","name":"Praktijkinrichting","url":"https:\/\/studioclement.be\/nl\/interieurinrichting\/praktijk-inrichting\/"}},{"@type":"Offer","itemOffered":{"@type":"Service","name":"Winkelinrichting","url":"https:\/\/studioclement.be\/nl\/interieurinrichting\/winkel-inrichting\/"}}]},"knowsAbout":["Apotheekinrichting","Winkelinrichting","Praktijkinrichting","Kantoorinrichting","Maatmeubilair","Interieurontwerp","Retail design"]},{"@type":"Person","@id":"https:\/\/studioclement.be\/nl\/#\/schema\/person\/119cc75445cc8195019bcd5417c9b576","name":"Perfect Story","image":{"@type":"ImageObject","inLanguage":"nl","@id":"https:\/\/studioclement.be\/nl\/#\/schema\/person\/image\/","url":"https:\/\/secure.gravatar.com\/avatar\/34f9a592bf333f297f650e0e21e88a76258ba0b02fa0544a77ceb8756dd2c13c?s=96&d=mm&r=g","contentUrl":"https:\/\/secure.gravatar.com\/avatar\/34f9a592bf333f297f650e0e21e88a76258ba0b02fa0544a77ceb8756dd2c13c?s=96&d=mm&r=g","caption":"Perfect Story"},"url":"https:\/\/studioclement.be\/nl\/author\/perfect-story\/"},{"@type":["LocalBusiness","InteriorDesignBusiness","HomeAndConstructionBusiness"],"@id":"https:\/\/studioclement.be\/nl\/#localbusiness","name":"Studio Clement","url":"https:\/\/studioclement.be\/nl\/","telephone":"+32 51 31 20 00","email":"info@studioclement.be","address":{"@type":"PostalAddress","streetAddress":"Lodewijk de Raetlaan 16","postalCode":"8870","addressLocality":"Izegem","addressCountry":"BE"},"geo":{"@type":"GeoCoordinates","latitude":50.9228,"longitude":3.2086},"areaServed":[{"@type":"Country","name":"Belgium"},{"@type":"Country","name":"Netherlands"},{"@type":"Country","name":"France"},{"@type":"Country","name":"Luxembourg"}],"vatID":"BE0458634212","taxID":"BE 0458.634.212","sameAs":["https:\/\/www.facebook.com\/Studio-Clement-462383180848657\/","https:\/\/www.instagram.com\/studioclement.be\/","https:\/\/www.pinterest.com\/studioclement_8870","https:\/\/www.linkedin.com\/company\/studioclement8870","https:\/\/www.youtube.com\/channel\/UC-FPX93_rnxug2ACOr9H5Aw"],"parentOrganization":{"@id":"https:\/\/studioclement.be\/nl\/#organization"}}]}},"_links":{"self":[{"href":"https:\/\/studioclement.be\/nl\/wp-json\/wp\/v2\/posts\/14628","targetHints":{"allow":["GET"]}}],"collection":[{"href":"https:\/\/studioclement.be\/nl\/wp-json\/wp\/v2\/posts"}],"about":[{"href":"https:\/\/studioclement.be\/nl\/wp-json\/wp\/v2\/types\/post"}],"author":[{"embeddable":true,"href":"https:\/\/studioclement.be\/nl\/wp-json\/wp\/v2\/users\/2268"}],"replies":[{"embeddable":true,"href":"https:\/\/studioclement.be\/nl\/wp-json\/wp\/v2\/comments?post=14628"}],"version-history":[{"count":12,"href":"https:\/\/studioclement.be\/nl\/wp-json\/wp\/v2\/posts\/14628\/revisions"}],"predecessor-version":[{"id":17288,"href":"https:\/\/studioclement.be\/nl\/wp-json\/wp\/v2\/posts\/14628\/revisions\/17288"}],"wp:featuredmedia":[{"embeddable":true,"href":"https:\/\/studioclement.be\/nl\/wp-json\/wp\/v2\/media\/14613"}],"wp:attachment":[{"href":"https:\/\/studioclement.be\/nl\/wp-json\/wp\/v2\/media?parent=14628"}],"wp:term":[{"taxonomy":"category","embeddable":true,"href":"https:\/\/studioclement.be\/nl\/wp-json\/wp\/v2\/categories?post=14628"},{"taxonomy":"post_tag","embeddable":true,"href":"https:\/\/studioclement.be\/nl\/wp-json\/wp\/v2\/tags?post=14628"}],"curies":[{"name":"wp","href":"https:\/\/api.w.org\/{rel}","templated":true}]}}