{"id":13547,"date":"2024-03-12T12:29:28","date_gmt":"2024-03-12T12:29:28","guid":{"rendered":"https:\/\/studioclement.be\/pharmacies\/jumet\/"},"modified":"2026-04-29T12:13:13","modified_gmt":"2026-04-29T12:13:13","slug":"jumet","status":"publish","type":"post","link":"https:\/\/studioclement.be\/fr\/pharmacies\/jumet\/","title":{"rendered":"Jumet"},"content":{"rendered":"\n<figure class=\"wp-block-image size-full is-resized\"><img decoding=\"async\" width=\"2560\" height=\"1709\" src=\"https:\/\/studioclement.be\/app\/uploads\/2024\/03\/apotheek-inrichting-fdm-pharma-jumet-7-scaled.jpg-2.webp\" alt=\"\" class=\"wp-image-17451\" style=\"width:1712px;height:auto\" srcset=\"https:\/\/studioclement.be\/app\/uploads\/2024\/03\/apotheek-inrichting-fdm-pharma-jumet-7-scaled.jpg-2.webp 2560w, https:\/\/studioclement.be\/app\/uploads\/2024\/03\/apotheek-inrichting-fdm-pharma-jumet-7-scaled.jpg-2-300x200.webp 300w, https:\/\/studioclement.be\/app\/uploads\/2024\/03\/apotheek-inrichting-fdm-pharma-jumet-7-scaled.jpg-2-1024x684.webp 1024w, https:\/\/studioclement.be\/app\/uploads\/2024\/03\/apotheek-inrichting-fdm-pharma-jumet-7-scaled.jpg-2-768x513.webp 768w, https:\/\/studioclement.be\/app\/uploads\/2024\/03\/apotheek-inrichting-fdm-pharma-jumet-7-scaled.jpg-2-1536x1025.webp 1536w, https:\/\/studioclement.be\/app\/uploads\/2024\/03\/apotheek-inrichting-fdm-pharma-jumet-7-scaled.jpg-2-2048x1367.webp 2048w, https:\/\/studioclement.be\/app\/uploads\/2024\/03\/apotheek-inrichting-fdm-pharma-jumet-7-scaled.jpg-2-90x60.webp 90w, https:\/\/studioclement.be\/app\/uploads\/2024\/03\/apotheek-inrichting-fdm-pharma-jumet-7-scaled.jpg-2-105x70.webp 105w, https:\/\/studioclement.be\/app\/uploads\/2024\/03\/apotheek-inrichting-fdm-pharma-jumet-7-scaled.jpg-2-449x300.webp 449w, https:\/\/studioclement.be\/app\/uploads\/2024\/03\/apotheek-inrichting-fdm-pharma-jumet-7-scaled.jpg-2-1300x868.webp 1300w, https:\/\/studioclement.be\/app\/uploads\/2024\/03\/apotheek-inrichting-fdm-pharma-jumet-7-scaled.jpg-2-600x401.webp 600w\" sizes=\"(max-width: 576px) 100vw, (max-width: 768px) 50vw, (max-width: 992px) 35vw, (max-width: 1200px) 35vw, (max-width: 1400px) 30vw, 500px\" \/><\/figure>\n\n<div style=\"height:50px\" aria-hidden=\"true\" class=\"wp-block-spacer\"><\/div>\n\n<p>Pour FDM Pharma, Studio Clement a r\u00e9alis\u00e9 un am\u00e9nagement qui s\u2019int\u00e8gre parfaitement au nouveau b\u00e2timent. Le sol au look b\u00e9ton clair, les \u00e9l\u00e9gants rayonnages noirs et les touches de vert frais conf\u00e8rent \u00e0 la pi\u00e8ce un cachet \u00e9pur\u00e9 et contemporain.  <\/p>\n\n<p>Le comptoir \u00e0 l\u2019aspect marbre et les subtils d\u00e9tails en laiton apportent une touche de raffinement, tandis que la circulation ouverte assure une fluidit\u00e9 optimale. De l\u2019ext\u00e9rieur \u00e9galement, la pharmacie attire les regards gr\u00e2ce \u00e0 ses grandes baies vitr\u00e9es et \u00e0 sa signal\u00e9tique claire. <\/p>\n\n<div style=\"height:50px\" aria-hidden=\"true\" class=\"wp-block-spacer\"><\/div>\n","protected":false},"excerpt":{"rendered":"<p>Pour FDM Pharma, Studio Clement a r\u00e9alis\u00e9 un am\u00e9nagement qui s\u2019int\u00e8gre parfaitement au nouveau b\u00e2timent. Le sol au look b\u00e9ton &hellip; <a href=\"https:\/\/studioclement.be\/fr\/pharmacies\/jumet\/\">Continued<\/a><\/p>\n","protected":false},"author":2,"featured_media":13534,"comment_status":"closed","ping_status":"closed","sticky":false,"template":"","format":"standard","meta":{"_acf_changed":false,"footnotes":""},"categories":[161],"tags":[626],"class_list":["post-13547","post","type-post","status-publish","format-standard","has-post-thumbnail","hentry","category-pharmacies","tag-pharmacie"],"acf":[],"yoast_head":"<!-- This site is optimized with the Yoast SEO Premium plugin v26.1 (Yoast SEO v26.1.1) - https:\/\/yoast.com\/wordpress\/plugins\/seo\/ -->\n<title>FDM Pharma Jumet - Studio Clement<\/title>\n<meta name=\"robots\" content=\"index, follow, max-snippet:-1, max-image-preview:large, max-video-preview:-1\" \/>\n<link rel=\"canonical\" href=\"https:\/\/studioclement.be\/fr\/pharmacies\/jumet\/\" \/>\n<meta property=\"og:locale\" content=\"fr_FR\" \/>\n<meta property=\"og:type\" content=\"article\" \/>\n<meta property=\"og:title\" content=\"Jumet\" \/>\n<meta property=\"og:description\" content=\"Pour FDM Pharma, Studio Clement a r\u00e9alis\u00e9 un am\u00e9nagement qui s\u2019int\u00e8gre parfaitement au nouveau b\u00e2timent. Le sol au look b\u00e9ton clair, les \u00e9l\u00e9gants\" \/>\n<meta property=\"og:url\" content=\"https:\/\/studioclement.be\/fr\/pharmacies\/jumet\/\" \/>\n<meta property=\"og:site_name\" content=\"Studio Clement\" \/>\n<meta property=\"article:published_time\" content=\"2024-03-12T12:29:28+00:00\" \/>\n<meta property=\"article:modified_time\" content=\"2026-04-29T12:13:13+00:00\" \/>\n<meta property=\"og:image\" content=\"https:\/\/studioclement.be\/app\/uploads\/2024\/03\/apotheek-inrichting-fdm-pharma-jumet-14-scaled.jpg\" \/>\n\t<meta property=\"og:image:width\" content=\"2560\" \/>\n\t<meta property=\"og:image:height\" content=\"1709\" \/>\n\t<meta property=\"og:image:type\" content=\"image\/jpeg\" \/>\n<meta name=\"author\" content=\"Claire Dewulf\" \/>\n<meta name=\"twitter:card\" content=\"summary_large_image\" \/>\n<meta name=\"twitter:label1\" content=\"Written by\" \/>\n\t<meta name=\"twitter:data1\" content=\"Claire Dewulf\" \/>\n<script type=\"application\/ld+json\" class=\"yoast-schema-graph\">{\"@context\":\"https:\/\/schema.org\",\"@graph\":[{\"@type\":\"Article\",\"@id\":\"https:\/\/studioclement.be\/fr\/pharmacies\/jumet\/#article\",\"isPartOf\":{\"@id\":\"https:\/\/studioclement.be\/fr\/pharmacies\/jumet\/\"},\"author\":{\"name\":\"Claire Dewulf\",\"@id\":\"https:\/\/studioclement.be\/fr\/#\/schema\/person\/14979d25ee4cb24cff4403d5ed384689\"},\"headline\":\"Jumet\",\"datePublished\":\"2024-03-12T12:29:28+00:00\",\"dateModified\":\"2026-04-29T12:13:13+00:00\",\"mainEntityOfPage\":{\"@id\":\"https:\/\/studioclement.be\/fr\/pharmacies\/jumet\/\"},\"wordCount\":97,\"publisher\":{\"@id\":\"https:\/\/studioclement.be\/fr\/#organization\"},\"image\":{\"@id\":\"https:\/\/studioclement.be\/fr\/pharmacies\/jumet\/#primaryimage\"},\"thumbnailUrl\":\"https:\/\/studioclement.be\/app\/uploads\/2024\/03\/apotheek-inrichting-fdm-pharma-jumet-14-scaled.jpg\",\"keywords\":[\"pharmacie\"],\"articleSection\":[\"Pharmacies\"],\"inLanguage\":\"fr\"},{\"@type\":\"WebPage\",\"@id\":\"https:\/\/studioclement.be\/fr\/pharmacies\/jumet\/\",\"url\":\"https:\/\/studioclement.be\/fr\/pharmacies\/jumet\/\",\"name\":\"FDM Pharma Jumet - Studio Clement\",\"isPartOf\":{\"@id\":\"https:\/\/studioclement.be\/fr\/#website\"},\"primaryImageOfPage\":{\"@id\":\"https:\/\/studioclement.be\/fr\/pharmacies\/jumet\/#primaryimage\"},\"image\":{\"@id\":\"https:\/\/studioclement.be\/fr\/pharmacies\/jumet\/#primaryimage\"},\"thumbnailUrl\":\"https:\/\/studioclement.be\/app\/uploads\/2024\/03\/apotheek-inrichting-fdm-pharma-jumet-14-scaled.jpg\",\"datePublished\":\"2024-03-12T12:29:28+00:00\",\"dateModified\":\"2026-04-29T12:13:13+00:00\",\"breadcrumb\":{\"@id\":\"https:\/\/studioclement.be\/fr\/pharmacies\/jumet\/#breadcrumb\"},\"inLanguage\":\"fr\",\"potentialAction\":[{\"@type\":\"ReadAction\",\"target\":[\"https:\/\/studioclement.be\/fr\/pharmacies\/jumet\/\"]}]},{\"@type\":\"ImageObject\",\"inLanguage\":\"fr\",\"@id\":\"https:\/\/studioclement.be\/fr\/pharmacies\/jumet\/#primaryimage\",\"url\":\"https:\/\/studioclement.be\/app\/uploads\/2024\/03\/apotheek-inrichting-fdm-pharma-jumet-14-scaled.jpg\",\"contentUrl\":\"https:\/\/studioclement.be\/app\/uploads\/2024\/03\/apotheek-inrichting-fdm-pharma-jumet-14-scaled.jpg\",\"width\":2560,\"height\":1709},{\"@type\":\"BreadcrumbList\",\"@id\":\"https:\/\/studioclement.be\/fr\/pharmacies\/jumet\/#breadcrumb\",\"itemListElement\":[{\"@type\":\"ListItem\",\"position\":1,\"name\":\"Home\",\"item\":\"https:\/\/studioclement.be\/fr\/\"},{\"@type\":\"ListItem\",\"position\":2,\"name\":\"Pharmacies\",\"item\":\"https:\/\/studioclement.be\/fr\/pharmacies\/\"},{\"@type\":\"ListItem\",\"position\":3,\"name\":\"Jumet\"}]},{\"@type\":\"WebSite\",\"@id\":\"https:\/\/studioclement.be\/fr\/#website\",\"url\":\"https:\/\/studioclement.be\/fr\/\",\"name\":\"Studio Clement\",\"description\":\"Innoverende interieurconcepten\",\"publisher\":{\"@id\":\"https:\/\/studioclement.be\/fr\/#organization\/\"},\"potentialAction\":[{\"@type\":\"SearchAction\",\"target\":{\"@type\":\"EntryPoint\",\"urlTemplate\":\"https:\/\/studioclement.be\/fr\/?s={search_term_string}\"},\"query-input\":{\"@type\":\"PropertyValueSpecification\",\"valueRequired\":true,\"valueName\":\"search_term_string\"}}],\"inLanguage\":\"fr\"},{\"@type\":[\"Organization\",\"LocalBusiness\",\"HomeAndConstructionBusiness\"],\"@id\":\"https:\/\/studioclement.be\/fr\/#organization\",\"name\":\"Studio Clement\",\"url\":\"https:\/\/studioclement.be\/fr\/\",\"logo\":{\"@type\":\"ImageObject\",\"inLanguage\":\"fr\",\"@id\":\"https:\/\/studioclement.be\/fr\/#\/schema\/logo\/image\/\",\"url\":\"https:\/\/studioclement.be\/app\/uploads\/2024\/07\/StudioClement_Logo_ZW.jpg\",\"contentUrl\":\"https:\/\/studioclement.be\/app\/uploads\/2024\/07\/StudioClement_Logo_ZW.jpg\",\"width\":8585,\"height\":4167,\"caption\":\"Studio Clement\"},\"image\":{\"@id\":\"https:\/\/studioclement.be\/fr\/#\/schema\/logo\/image\/\"},\"description\":\"Belgisch interieurdesign en vakmanschap. Innoverende, duurzame interieurconcepten voor apotheek, praktijk, kantoor en winkel \u2013 3 generaties ervaring.\",\"vatID\":\"BE0458634212\",\"taxID\":\"BE 0458.634.212\",\"telephone\":\"+32 51 31 20 00\",\"email\":\"info@studioclement.be\",\"address\":{\"@type\":\"PostalAddress\",\"streetAddress\":\"Lodewijk de Raetlaan 16\",\"postalCode\":\"8870\",\"addressLocality\":\"Izegem\",\"addressCountry\":\"BE\"},\"geo\":{\"@type\":\"GeoCoordinates\",\"latitude\":50.9228,\"longitude\":3.2086},\"areaServed\":[{\"@type\":\"Country\",\"name\":\"Belgium\"},{\"@type\":\"Country\",\"name\":\"Netherlands\"},{\"@type\":\"Country\",\"name\":\"France\"},{\"@type\":\"Country\",\"name\":\"Luxembourg\"}],\"sameAs\":[\"https:\/\/www.facebook.com\/Studio-Clement-462383180848657\/\",\"https:\/\/www.instagram.com\/studioclement.be\/\",\"https:\/\/www.pinterest.com\/studioclement_8870\",\"https:\/\/www.linkedin.com\/company\/studioclement8870\",\"https:\/\/www.youtube.com\/channel\/UC-FPX93_rnxug2ACOr9H5Aw\"],\"hasOfferCatalog\":{\"@type\":\"OfferCatalog\",\"name\":\"Interieurinrichting\",\"itemListElement\":[{\"@type\":\"Offer\",\"itemOffered\":{\"@type\":\"Service\",\"name\":\"Apotheekinrichting\",\"url\":\"https:\/\/studioclement.be\/fr\/interieurinrichting\/apotheek-inrichting\/\"}},{\"@type\":\"Offer\",\"itemOffered\":{\"@type\":\"Service\",\"name\":\"Kantoorinrichting\",\"url\":\"https:\/\/studioclement.be\/fr\/interieurinrichting\/kantoor-inrichting\/\"}},{\"@type\":\"Offer\",\"itemOffered\":{\"@type\":\"Service\",\"name\":\"Praktijkinrichting\",\"url\":\"https:\/\/studioclement.be\/fr\/interieurinrichting\/praktijk-inrichting\/\"}},{\"@type\":\"Offer\",\"itemOffered\":{\"@type\":\"Service\",\"name\":\"Winkelinrichting\",\"url\":\"https:\/\/studioclement.be\/fr\/interieurinrichting\/winkel-inrichting\/\"}}]},\"knowsAbout\":[\"Apotheekinrichting\",\"Winkelinrichting\",\"Praktijkinrichting\",\"Kantoorinrichting\",\"Maatmeubilair\",\"Interieurontwerp\",\"Retail design\"]},{\"@type\":\"Person\",\"@id\":\"https:\/\/studioclement.be\/fr\/#\/schema\/person\/14979d25ee4cb24cff4403d5ed384689\",\"name\":\"Claire Dewulf\",\"image\":{\"@type\":\"ImageObject\",\"inLanguage\":\"fr\",\"@id\":\"https:\/\/studioclement.be\/fr\/#\/schema\/person\/image\/\",\"url\":\"https:\/\/secure.gravatar.com\/avatar\/9b9d763794f02fa46196421635549a2fb295359502326b1698812b22eecba905?s=96&d=mm&r=g\",\"contentUrl\":\"https:\/\/secure.gravatar.com\/avatar\/9b9d763794f02fa46196421635549a2fb295359502326b1698812b22eecba905?s=96&d=mm&r=g\",\"caption\":\"Claire Dewulf\"},\"url\":\"https:\/\/studioclement.be\/fr\/author\/claire-dewulf\/\"},{\"@type\":[\"LocalBusiness\",\"InteriorDesignBusiness\",\"HomeAndConstructionBusiness\"],\"@id\":\"https:\/\/studioclement.be\/fr\/#localbusiness\",\"name\":\"Studio Clement\",\"url\":\"https:\/\/studioclement.be\/fr\/\",\"telephone\":\"+32 51 31 20 00\",\"email\":\"info@studioclement.be\",\"address\":{\"@type\":\"PostalAddress\",\"streetAddress\":\"Lodewijk de Raetlaan 16\",\"postalCode\":\"8870\",\"addressLocality\":\"Izegem\",\"addressCountry\":\"BE\"},\"geo\":{\"@type\":\"GeoCoordinates\",\"latitude\":50.9228,\"longitude\":3.2086},\"areaServed\":[{\"@type\":\"Country\",\"name\":\"Belgium\"},{\"@type\":\"Country\",\"name\":\"Netherlands\"},{\"@type\":\"Country\",\"name\":\"France\"},{\"@type\":\"Country\",\"name\":\"Luxembourg\"}],\"vatID\":\"BE0458634212\",\"taxID\":\"BE 0458.634.212\",\"sameAs\":[\"https:\/\/www.facebook.com\/Studio-Clement-462383180848657\/\",\"https:\/\/www.instagram.com\/studioclement.be\/\",\"https:\/\/www.pinterest.com\/studioclement_8870\",\"https:\/\/www.linkedin.com\/company\/studioclement8870\",\"https:\/\/www.youtube.com\/channel\/UC-FPX93_rnxug2ACOr9H5Aw\"],\"parentOrganization\":{\"@id\":\"https:\/\/studioclement.be\/fr\/#organization\/\"}}]}<\/script>\n<!-- \/ Yoast SEO Premium plugin. -->","yoast_head_json":{"title":"FDM Pharma Jumet - Studio Clement","robots":{"index":"index","follow":"follow","max-snippet":"max-snippet:-1","max-image-preview":"max-image-preview:large","max-video-preview":"max-video-preview:-1"},"canonical":"https:\/\/studioclement.be\/fr\/pharmacies\/jumet\/","og_locale":"fr_FR","og_type":"article","og_title":"Jumet","og_description":"Pour FDM Pharma, Studio Clement a r\u00e9alis\u00e9 un am\u00e9nagement qui s\u2019int\u00e8gre parfaitement au nouveau b\u00e2timent. Le sol au look b\u00e9ton clair, les \u00e9l\u00e9gants","og_url":"https:\/\/studioclement.be\/fr\/pharmacies\/jumet\/","og_site_name":"Studio Clement","article_published_time":"2024-03-12T12:29:28+00:00","article_modified_time":"2026-04-29T12:13:13+00:00","og_image":[{"width":2560,"height":1709,"url":"https:\/\/studioclement.be\/app\/uploads\/2024\/03\/apotheek-inrichting-fdm-pharma-jumet-14-scaled.jpg","type":"image\/jpeg"}],"author":"Claire Dewulf","twitter_card":"summary_large_image","twitter_misc":{"Written by":"Claire Dewulf"},"schema":{"@context":"https:\/\/schema.org","@graph":[{"@type":"Article","@id":"https:\/\/studioclement.be\/fr\/pharmacies\/jumet\/#article","isPartOf":{"@id":"https:\/\/studioclement.be\/fr\/pharmacies\/jumet\/"},"author":{"name":"Claire Dewulf","@id":"https:\/\/studioclement.be\/fr\/#\/schema\/person\/14979d25ee4cb24cff4403d5ed384689"},"headline":"Jumet","datePublished":"2024-03-12T12:29:28+00:00","dateModified":"2026-04-29T12:13:13+00:00","mainEntityOfPage":{"@id":"https:\/\/studioclement.be\/fr\/pharmacies\/jumet\/"},"wordCount":97,"publisher":{"@id":"https:\/\/studioclement.be\/fr\/#organization"},"image":{"@id":"https:\/\/studioclement.be\/fr\/pharmacies\/jumet\/#primaryimage"},"thumbnailUrl":"https:\/\/studioclement.be\/app\/uploads\/2024\/03\/apotheek-inrichting-fdm-pharma-jumet-14-scaled.jpg","keywords":["pharmacie"],"articleSection":["Pharmacies"],"inLanguage":"fr"},{"@type":"WebPage","@id":"https:\/\/studioclement.be\/fr\/pharmacies\/jumet\/","url":"https:\/\/studioclement.be\/fr\/pharmacies\/jumet\/","name":"FDM Pharma Jumet - Studio Clement","isPartOf":{"@id":"https:\/\/studioclement.be\/fr\/#website"},"primaryImageOfPage":{"@id":"https:\/\/studioclement.be\/fr\/pharmacies\/jumet\/#primaryimage"},"image":{"@id":"https:\/\/studioclement.be\/fr\/pharmacies\/jumet\/#primaryimage"},"thumbnailUrl":"https:\/\/studioclement.be\/app\/uploads\/2024\/03\/apotheek-inrichting-fdm-pharma-jumet-14-scaled.jpg","datePublished":"2024-03-12T12:29:28+00:00","dateModified":"2026-04-29T12:13:13+00:00","breadcrumb":{"@id":"https:\/\/studioclement.be\/fr\/pharmacies\/jumet\/#breadcrumb"},"inLanguage":"fr","potentialAction":[{"@type":"ReadAction","target":["https:\/\/studioclement.be\/fr\/pharmacies\/jumet\/"]}]},{"@type":"ImageObject","inLanguage":"fr","@id":"https:\/\/studioclement.be\/fr\/pharmacies\/jumet\/#primaryimage","url":"https:\/\/studioclement.be\/app\/uploads\/2024\/03\/apotheek-inrichting-fdm-pharma-jumet-14-scaled.jpg","contentUrl":"https:\/\/studioclement.be\/app\/uploads\/2024\/03\/apotheek-inrichting-fdm-pharma-jumet-14-scaled.jpg","width":2560,"height":1709},{"@type":"BreadcrumbList","@id":"https:\/\/studioclement.be\/fr\/pharmacies\/jumet\/#breadcrumb","itemListElement":[{"@type":"ListItem","position":1,"name":"Home","item":"https:\/\/studioclement.be\/fr\/"},{"@type":"ListItem","position":2,"name":"Pharmacies","item":"https:\/\/studioclement.be\/fr\/pharmacies\/"},{"@type":"ListItem","position":3,"name":"Jumet"}]},{"@type":"WebSite","@id":"https:\/\/studioclement.be\/fr\/#website","url":"https:\/\/studioclement.be\/fr\/","name":"Studio Clement","description":"Innoverende interieurconcepten","publisher":{"@id":"https:\/\/studioclement.be\/fr\/#organization\/"},"potentialAction":[{"@type":"SearchAction","target":{"@type":"EntryPoint","urlTemplate":"https:\/\/studioclement.be\/fr\/?s={search_term_string}"},"query-input":{"@type":"PropertyValueSpecification","valueRequired":true,"valueName":"search_term_string"}}],"inLanguage":"fr"},{"@type":["Organization","LocalBusiness","HomeAndConstructionBusiness"],"@id":"https:\/\/studioclement.be\/fr\/#organization","name":"Studio Clement","url":"https:\/\/studioclement.be\/fr\/","logo":{"@type":"ImageObject","inLanguage":"fr","@id":"https:\/\/studioclement.be\/fr\/#\/schema\/logo\/image\/","url":"https:\/\/studioclement.be\/app\/uploads\/2024\/07\/StudioClement_Logo_ZW.jpg","contentUrl":"https:\/\/studioclement.be\/app\/uploads\/2024\/07\/StudioClement_Logo_ZW.jpg","width":8585,"height":4167,"caption":"Studio Clement"},"image":{"@id":"https:\/\/studioclement.be\/fr\/#\/schema\/logo\/image\/"},"description":"Belgisch interieurdesign en vakmanschap. Innoverende, duurzame interieurconcepten voor apotheek, praktijk, kantoor en winkel \u2013 3 generaties ervaring.","vatID":"BE0458634212","taxID":"BE 0458.634.212","telephone":"+32 51 31 20 00","email":"info@studioclement.be","address":{"@type":"PostalAddress","streetAddress":"Lodewijk de Raetlaan 16","postalCode":"8870","addressLocality":"Izegem","addressCountry":"BE"},"geo":{"@type":"GeoCoordinates","latitude":50.9228,"longitude":3.2086},"areaServed":[{"@type":"Country","name":"Belgium"},{"@type":"Country","name":"Netherlands"},{"@type":"Country","name":"France"},{"@type":"Country","name":"Luxembourg"}],"sameAs":["https:\/\/www.facebook.com\/Studio-Clement-462383180848657\/","https:\/\/www.instagram.com\/studioclement.be\/","https:\/\/www.pinterest.com\/studioclement_8870","https:\/\/www.linkedin.com\/company\/studioclement8870","https:\/\/www.youtube.com\/channel\/UC-FPX93_rnxug2ACOr9H5Aw"],"hasOfferCatalog":{"@type":"OfferCatalog","name":"Interieurinrichting","itemListElement":[{"@type":"Offer","itemOffered":{"@type":"Service","name":"Apotheekinrichting","url":"https:\/\/studioclement.be\/fr\/interieurinrichting\/apotheek-inrichting\/"}},{"@type":"Offer","itemOffered":{"@type":"Service","name":"Kantoorinrichting","url":"https:\/\/studioclement.be\/fr\/interieurinrichting\/kantoor-inrichting\/"}},{"@type":"Offer","itemOffered":{"@type":"Service","name":"Praktijkinrichting","url":"https:\/\/studioclement.be\/fr\/interieurinrichting\/praktijk-inrichting\/"}},{"@type":"Offer","itemOffered":{"@type":"Service","name":"Winkelinrichting","url":"https:\/\/studioclement.be\/fr\/interieurinrichting\/winkel-inrichting\/"}}]},"knowsAbout":["Apotheekinrichting","Winkelinrichting","Praktijkinrichting","Kantoorinrichting","Maatmeubilair","Interieurontwerp","Retail design"]},{"@type":"Person","@id":"https:\/\/studioclement.be\/fr\/#\/schema\/person\/14979d25ee4cb24cff4403d5ed384689","name":"Claire Dewulf","image":{"@type":"ImageObject","inLanguage":"fr","@id":"https:\/\/studioclement.be\/fr\/#\/schema\/person\/image\/","url":"https:\/\/secure.gravatar.com\/avatar\/9b9d763794f02fa46196421635549a2fb295359502326b1698812b22eecba905?s=96&d=mm&r=g","contentUrl":"https:\/\/secure.gravatar.com\/avatar\/9b9d763794f02fa46196421635549a2fb295359502326b1698812b22eecba905?s=96&d=mm&r=g","caption":"Claire Dewulf"},"url":"https:\/\/studioclement.be\/fr\/author\/claire-dewulf\/"},{"@type":["LocalBusiness","InteriorDesignBusiness","HomeAndConstructionBusiness"],"@id":"https:\/\/studioclement.be\/fr\/#localbusiness","name":"Studio Clement","url":"https:\/\/studioclement.be\/fr\/","telephone":"+32 51 31 20 00","email":"info@studioclement.be","address":{"@type":"PostalAddress","streetAddress":"Lodewijk de Raetlaan 16","postalCode":"8870","addressLocality":"Izegem","addressCountry":"BE"},"geo":{"@type":"GeoCoordinates","latitude":50.9228,"longitude":3.2086},"areaServed":[{"@type":"Country","name":"Belgium"},{"@type":"Country","name":"Netherlands"},{"@type":"Country","name":"France"},{"@type":"Country","name":"Luxembourg"}],"vatID":"BE0458634212","taxID":"BE 0458.634.212","sameAs":["https:\/\/www.facebook.com\/Studio-Clement-462383180848657\/","https:\/\/www.instagram.com\/studioclement.be\/","https:\/\/www.pinterest.com\/studioclement_8870","https:\/\/www.linkedin.com\/company\/studioclement8870","https:\/\/www.youtube.com\/channel\/UC-FPX93_rnxug2ACOr9H5Aw"],"parentOrganization":{"@id":"https:\/\/studioclement.be\/fr\/#organization\/"}}]}},"_links":{"self":[{"href":"https:\/\/studioclement.be\/fr\/wp-json\/wp\/v2\/posts\/13547","targetHints":{"allow":["GET"]}}],"collection":[{"href":"https:\/\/studioclement.be\/fr\/wp-json\/wp\/v2\/posts"}],"about":[{"href":"https:\/\/studioclement.be\/fr\/wp-json\/wp\/v2\/types\/post"}],"author":[{"embeddable":true,"href":"https:\/\/studioclement.be\/fr\/wp-json\/wp\/v2\/users\/2"}],"replies":[{"embeddable":true,"href":"https:\/\/studioclement.be\/fr\/wp-json\/wp\/v2\/comments?post=13547"}],"version-history":[{"count":2,"href":"https:\/\/studioclement.be\/fr\/wp-json\/wp\/v2\/posts\/13547\/revisions"}],"predecessor-version":[{"id":18292,"href":"https:\/\/studioclement.be\/fr\/wp-json\/wp\/v2\/posts\/13547\/revisions\/18292"}],"wp:featuredmedia":[{"embeddable":true,"href":"https:\/\/studioclement.be\/fr\/wp-json\/wp\/v2\/media\/13534"}],"wp:attachment":[{"href":"https:\/\/studioclement.be\/fr\/wp-json\/wp\/v2\/media?parent=13547"}],"wp:term":[{"taxonomy":"category","embeddable":true,"href":"https:\/\/studioclement.be\/fr\/wp-json\/wp\/v2\/categories?post=13547"},{"taxonomy":"post_tag","embeddable":true,"href":"https:\/\/studioclement.be\/fr\/wp-json\/wp\/v2\/tags?post=13547"}],"curies":[{"name":"wp","href":"https:\/\/api.w.org\/{rel}","templated":true}]}}